{"id":4209,"global_id":"timerspeed.com?id=4209","global_id_lineage":["timerspeed.com?id=4209"],"author":"1","status":"publish","date":"2024-01-03 20:10:15","date_utc":"2024-01-03 20:10:15","modified":"2024-03-25 18:03:39","modified_utc":"2024-03-25 18:03:39","url":"https:\/\/timerspeed.com\/?tribe_events=sao-silvestre-da-trofa-by-remax-cool","rest_url":"https:\/\/timerspeed.com\/index.php?rest_route=\/tribe\/events\/v1\/events\/4209","title":"S\u00c3O SILVESTRE DA TROFA BY REMAX COOL","description":"<h3>S\u00c3O SILVESTRE DA TROFA BY REMAX COOL<\/h3>\n<hr \/>\n<p style=\"text-align: left;\">\u00a0 \u00a0 \u00a0<style>\r\n\t\t\t\t\t.button-button_button_70.btn-default:hover{color:#0000ff;background:#0f0f0f;}\r\n\t\t\t\t\t.button-button_button_70.btn-default{background-color:#0000ff;}\r\n\t\t\t\t\t.button-button_button_70.btn-default:hover:after{background:#0f0f0f;}\r\n\t\t\t\t\t.button-button_button_70.btn-default .btn-icon{color:#0000ff;}\r\n\t\t\t\t<\/style>    \t<a class=\"btn skew-btn button-button_button_70 btn-default \" href=\"https:\/\/timerspeed.com\/live\/events\/2024\/pdfs\/sstrofa_24\/reg_sstrofa.pdf\"  target=\"_blank\">\r\n        <span class=\"btn-text\">Regulamento<\/span>        <\/a>\r\n        \u00a0 \u00a0 \u00a0<style>\r\n\t\t\t\t\t.button-button_button_69.btn-default:hover{color:#ff0000;background:#0f0f0f;}\r\n\t\t\t\t\t.button-button_button_69.btn-default{background-color:#ff0000;}\r\n\t\t\t\t\t.button-button_button_69.btn-default:hover:after{background:#0f0f0f;}\r\n\t\t\t\t\t.button-button_button_69.btn-default .btn-icon{color:#ff0000;}\r\n\t\t\t\t<\/style>    \t<a class=\"btn skew-btn button-button_button_69 btn-default btn-lg \" href=\"https:\/\/timerspeed.com\/live\/g-live.html?f=events\/2024\/ss_trofa_24.clax\"  target=\"_blank\">\r\n        <span class=\"btn-text\">Classifica\u00e7\u00f5es<\/span>        <\/a>\r\n        <\/p>\n<hr \/>\n<p>A S\u00e3o Silvestre da Trofa \u00e9 organizada pela Associa\u00e7\u00e3o Recreativa de Paradela, com<br \/>\nsede na Travessa Arnaldo Gama, Paradela, Trofa e como entidade promotora a C\u00e2mara<br \/>\nMunicipal da Trofa.<\/p>\n<p>Corrida S\u00e3o Silvestre 10km, que ir\u00e1 decorrer no s\u00e1bado, dia 13 de janeiro de 2024, \u00e0s<br \/>\n18:30, com partida e chegada na Alameda da Esta\u00e7\u00e3o.<br \/>\nCaminhada 5km, que ir\u00e1 decorrer no s\u00e1bado, dia 13 de janeiro de 2023, \u00e0s 18h30, com<br \/>\npartida e chegada na Alameda da Esta\u00e7\u00e3o.<br \/>\nS\u00e3o Silvestre Kids 300 metros, que ir\u00e1 decorrer no s\u00e1bado, dia 13 de janeiro de 2023,<br \/>\n\u00e0s 17h30, com um mini circuito de aproximadamente 300 metros na Alameda da Esta\u00e7\u00e3o.<\/p>","excerpt":"","slug":"sao-silvestre-da-trofa-by-remax-cool","image":{"url":"https:\/\/timerspeed.com\/wp-content\/uploads\/2024\/01\/banner_16x9_72.jpg","id":4221,"extension":"jpg","width":454,"height":255,"filesize":115542,"sizes":{"medium":{"width":300,"height":169,"mime-type":"image\/jpeg","filesize":30362,"url":"https:\/\/timerspeed.com\/wp-content\/uploads\/2024\/01\/banner_16x9_72-300x169.jpg"},"thumbnail":{"width":150,"height":150,"mime-type":"image\/jpeg","filesize":23225,"url":"https:\/\/timerspeed.com\/wp-content\/uploads\/2024\/01\/banner_16x9_72-150x150.jpg"},"leaf_thumb_80x80":{"width":80,"height":80,"mime-type":"image\/jpeg","filesize":17041,"url":"https:\/\/timerspeed.com\/wp-content\/uploads\/2024\/01\/banner_16x9_72-80x80.jpg"},"leaf_thumb_409x258":{"width":409,"height":255,"mime-type":"image\/jpeg","filesize":43263,"url":"https:\/\/timerspeed.com\/wp-content\/uploads\/2024\/01\/banner_16x9_72-409x255.jpg"},"leaf_thumb_262x183":{"width":262,"height":183,"mime-type":"image\/jpeg","filesize":30500,"url":"https:\/\/timerspeed.com\/wp-content\/uploads\/2024\/01\/banner_16x9_72-262x183.jpg"},"thumb_360x165":{"width":360,"height":165,"mime-type":"image\/jpeg","filesize":32644,"url":"https:\/\/timerspeed.com\/wp-content\/uploads\/2024\/01\/banner_16x9_72-360x165.jpg"},"sportcenter_thumb_177x177":{"width":177,"height":177,"mime-type":"image\/jpeg","filesize":25933,"url":"https:\/\/timerspeed.com\/wp-content\/uploads\/2024\/01\/banner_16x9_72-177x177.jpg"},"woocommerce_gallery_thumbnail":{"width":100,"height":100,"mime-type":"image\/jpeg","filesize":18769,"url":"https:\/\/timerspeed.com\/wp-content\/uploads\/2024\/01\/banner_16x9_72-100x100.jpg"}}},"all_day":false,"start_date":"2024-01-13 18:30:00","start_date_details":{"year":"2024","month":"01","day":"13","hour":"18","minutes":"30","seconds":"00"},"end_date":"2024-01-14 21:30:00","end_date_details":{"year":"2024","month":"01","day":"14","hour":"21","minutes":"30","seconds":"00"},"utc_start_date":"2024-01-13 18:30:00","utc_start_date_details":{"year":"2024","month":"01","day":"13","hour":"18","minutes":"30","seconds":"00"},"utc_end_date":"2024-01-14 21:30:00","utc_end_date_details":{"year":"2024","month":"01","day":"14","hour":"21","minutes":"30","seconds":"00"},"timezone":"UTC+0","timezone_abbr":"UTC+0","cost":"","cost_details":{"currency_symbol":"","currency_code":"","currency_position":"prefix","values":[]},"website":"www.raidbttdatrofa.pt","show_map":false,"show_map_link":false,"hide_from_listings":false,"sticky":false,"featured":false,"categories":[{"name":"Atletismo","slug":"atletismo","term_group":0,"term_taxonomy_id":69,"taxonomy":"tribe_events_cat","description":"","parent":0,"count":20,"filter":"raw","id":69,"urls":{"self":"https:\/\/timerspeed.com\/index.php?rest_route=\/tribe\/events\/v1\/categories\/69","collection":"https:\/\/timerspeed.com\/index.php?rest_route=\/tribe\/events\/v1\/categories"}}],"tags":[{"name":"Cronometragem_Desportiva","slug":"cronometragem_desportiva","term_group":0,"term_taxonomy_id":115,"taxonomy":"post_tag","description":"","parent":0,"count":3,"filter":"raw","id":115,"urls":{"self":"https:\/\/timerspeed.com\/index.php?rest_route=\/tribe\/events\/v1\/tags\/115","collection":"https:\/\/timerspeed.com\/index.php?rest_route=\/tribe\/events\/v1\/tags"}}],"venue":{"id":4220,"author":"1","status":"publish","date":"2024-01-03 20:12:30","date_utc":"2024-01-03 20:12:30","modified":"2024-01-03 20:12:30","modified_utc":"2024-01-03 20:12:30","url":"https:\/\/timerspeed.com\/?tribe_venue=trofa","venue":"Trofa","slug":"trofa","country":"Portugal","json_ld":{"@type":"Place","name":"Trofa","description":"","url":"","address":{"@type":"PostalAddress","addressCountry":"Portugal"},"telephone":"","sameAs":""},"show_map":true,"show_map_link":true,"global_id":"timerspeed.com?id=4220","global_id_lineage":["timerspeed.com?id=4220"]},"organizer":[{"id":4213,"author":"1","status":"publish","date":"2024-01-03 20:04:52","date_utc":"2024-01-03 20:04:52","modified":"2024-01-03 20:13:53","modified_utc":"2024-01-03 20:13:53","url":"https:\/\/timerspeed.com\/?tribe_organizer=associacao-recreativa-de-paradela","organizer":"Associa\u00e7\u00e3o Recreativa de Paradela","slug":"associacao-recreativa-de-paradela","email":"geral@raidbttdatrofa.pt","json_ld":{"@type":"Person","name":"Associa\u00e7\u00e3o Recreativa de Paradela","description":"","url":"","telephone":"","email":"ge&#114;&#97;&#108;&#64;&#114;&#97;id&#98;&#116;&#116;&#100;a&#116;&#114;&#111;f&#97;&#46;&#112;t","sameAs":""},"global_id":"timerspeed.com?id=4213","global_id_lineage":["timerspeed.com?id=4213"]}],"custom_fields":[],"json_ld":{"@context":"http:\/\/schema.org","@type":"Event","name":"S\u00c3O SILVESTRE DA TROFA BY REMAX COOL","description":"&lt;p&gt;S\u00c3O SILVESTRE DA TROFA BY REMAX COOL \u00a0 \u00a0 \u00a0Regulamento\u00a0 \u00a0 \u00a0Classifica\u00e7\u00f5es A S\u00e3o Silvestre da Trofa \u00e9 organizada pela Associa\u00e7\u00e3o Recreativa [&hellip;]&lt;\/p&gt;\\n","image":"https:\/\/timerspeed.com\/wp-content\/uploads\/2024\/01\/banner_16x9_72.jpg","url":"https:\/\/timerspeed.com\/?tribe_events=sao-silvestre-da-trofa-by-remax-cool","eventAttendanceMode":"https:\/\/schema.org\/OfflineEventAttendanceMode","eventStatus":"https:\/\/schema.org\/EventScheduled","startDate":"2024-01-13T18:30:00+00:00","endDate":"2024-01-14T21:30:00+00:00","location":{"@type":"Place","name":"Trofa","description":"","url":"","address":{"@type":"PostalAddress","addressCountry":"Portugal"},"telephone":"","sameAs":""},"organizer":{"@type":"Person","name":"Associa\u00e7\u00e3o Recreativa de Paradela","description":"","url":"","telephone":"","email":"ge&#114;al&#64;r&#97;&#105;dbt&#116;d&#97;tr&#111;&#102;&#97;.&#112;t","sameAs":""},"performer":"Organization"}}