{"id":4289,"global_id":"timerspeed.com?id=4289","global_id_lineage":["timerspeed.com?id=4289"],"author":"1","status":"publish","date":"2024-03-01 10:20:10","date_utc":"2024-03-01 10:20:10","modified":"2024-03-01 10:25:54","modified_utc":"2024-03-01 10:25:54","url":"https:\/\/timerspeed.com\/?tribe_events=27a-classica-da-primavera","rest_url":"https:\/\/timerspeed.com\/index.php?rest_route=\/tribe\/events\/v1\/events\/4289","title":"27\u00aa Cl\u00e1ssica da Primavera","description":"<h3><strong>27\u00aa Cl\u00e1ssica da Primavera<\/strong><\/h3>\n<p>A prova 27\u00ba Cl\u00e1ssica da Primavera \u2013 Ta\u00e7a Jogos Santa Casa ELITES\/SUB-23, organizada pelo C.D.C. Navais com a colabora\u00e7\u00e3o da Associa\u00e7\u00e3o de Ciclismo do Porto, de acordo com os regulamentos da UVP &#8211; Federa\u00e7\u00e3o Portuguesa de Ciclismo. Disputa-se no dia 3 de mar\u00e7o de 2024, sendo pontu\u00e1vel para a Ta\u00e7a de Portugal de 2024.<\/p>\n<hr \/>\n<p style=\"text-align: left;\">\u00a0 \u00a0 \u00a0<style>\r\n\t\t\t\t\t.button-button_button_69.btn-default:hover{color:#ff0000;background:#0f0f0f;}\r\n\t\t\t\t\t.button-button_button_69.btn-default{background-color:#ff0000;}\r\n\t\t\t\t\t.button-button_button_69.btn-default:hover:after{background:#0f0f0f;}\r\n\t\t\t\t\t.button-button_button_69.btn-default .btn-icon{color:#ff0000;}\r\n\t\t\t\t<\/style>    \t<a class=\"btn skew-btn button-button_button_69 btn-default \" href=\"https:\/\/timerspeed.com\/live\/g-live.html?f=events\/2024\/27_primavera_24.clax\"  target=\"_blank\">\r\n        <span class=\"btn-text\">Live Results<\/span>        <\/a>\r\n        \u00a0 \u00a0 \u00a0<style>\r\n\t\t\t\t\t.button-button_button_70.btn-default:hover{color:#0000ff;background:#0f0f0f;}\r\n\t\t\t\t\t.button-button_button_70.btn-default{background-color:#0000ff;}\r\n\t\t\t\t\t.button-button_button_70.btn-default:hover:after{background:#0f0f0f;}\r\n\t\t\t\t\t.button-button_button_70.btn-default .btn-icon{color:#0000ff;}\r\n\t\t\t\t<\/style>    \t<a class=\"btn skew-btn button-button_button_70 btn-default \" href=\"https:\/\/timerspeed.com\/live\/events\/2024\/pdfs\/primavera_24\/Lista Inscritos.pdf\"  target=\"_blank\">\r\n        <span class=\"btn-text\">Inscritos<\/span>        <\/a>\r\n        <\/p>","excerpt":"","slug":"27a-classica-da-primavera","image":{"url":"https:\/\/timerspeed.com\/wp-content\/uploads\/2024\/03\/imagem-destaque.jpg","id":4300,"extension":"jpg","width":1890,"height":1063,"filesize":1759552,"sizes":{"medium":{"width":300,"height":169,"mime-type":"image\/jpeg","filesize":42080,"url":"https:\/\/timerspeed.com\/wp-content\/uploads\/2024\/03\/imagem-destaque-300x169.jpg"},"large":{"width":1024,"height":576,"mime-type":"image\/jpeg","filesize":222346,"url":"https:\/\/timerspeed.com\/wp-content\/uploads\/2024\/03\/imagem-destaque-1024x576.jpg"},"thumbnail":{"width":150,"height":150,"mime-type":"image\/jpeg","filesize":27687,"url":"https:\/\/timerspeed.com\/wp-content\/uploads\/2024\/03\/imagem-destaque-150x150.jpg"},"medium_large":{"width":768,"height":432,"mime-type":"image\/jpeg","filesize":144839,"url":"https:\/\/timerspeed.com\/wp-content\/uploads\/2024\/03\/imagem-destaque-768x432.jpg"},"1536x1536":{"width":1536,"height":864,"mime-type":"image\/jpeg","filesize":411034,"url":"https:\/\/timerspeed.com\/wp-content\/uploads\/2024\/03\/imagem-destaque-1536x864.jpg"},"leaf_thumb_80x80":{"width":80,"height":80,"mime-type":"image\/jpeg","filesize":19264,"url":"https:\/\/timerspeed.com\/wp-content\/uploads\/2024\/03\/imagem-destaque-80x80.jpg"},"leaf_thumb_409x258":{"width":409,"height":258,"mime-type":"image\/jpeg","filesize":65507,"url":"https:\/\/timerspeed.com\/wp-content\/uploads\/2024\/03\/imagem-destaque-409x258.jpg"},"leaf_thumb_262x183":{"width":262,"height":183,"mime-type":"image\/jpeg","filesize":39988,"url":"https:\/\/timerspeed.com\/wp-content\/uploads\/2024\/03\/imagem-destaque-262x183.jpg"},"leaf_thumb_524x366":{"width":524,"height":366,"mime-type":"image\/jpeg","filesize":94247,"url":"https:\/\/timerspeed.com\/wp-content\/uploads\/2024\/03\/imagem-destaque-524x366.jpg"},"thumb_360x165":{"width":360,"height":165,"mime-type":"image\/jpeg","filesize":44558,"url":"https:\/\/timerspeed.com\/wp-content\/uploads\/2024\/03\/imagem-destaque-360x165.jpg"},"sportcenter_thumb_500x500":{"width":500,"height":500,"mime-type":"image\/jpeg","filesize":107301,"url":"https:\/\/timerspeed.com\/wp-content\/uploads\/2024\/03\/imagem-destaque-500x500.jpg"},"sportcenter_thumb_555x472":{"width":555,"height":472,"mime-type":"image\/jpeg","filesize":113578,"url":"https:\/\/timerspeed.com\/wp-content\/uploads\/2024\/03\/imagem-destaque-555x472.jpg"},"sportcenter_thumb_177x177":{"width":177,"height":177,"mime-type":"image\/jpeg","filesize":31681,"url":"https:\/\/timerspeed.com\/wp-content\/uploads\/2024\/03\/imagem-destaque-177x177.jpg"},"woocommerce_thumbnail":{"width":300,"height":300,"mime-type":"image\/jpeg","filesize":55313,"uncropped":false,"url":"https:\/\/timerspeed.com\/wp-content\/uploads\/2024\/03\/imagem-destaque-300x300.jpg"},"woocommerce_gallery_thumbnail":{"width":100,"height":100,"mime-type":"image\/jpeg","filesize":21611,"url":"https:\/\/timerspeed.com\/wp-content\/uploads\/2024\/03\/imagem-destaque-100x100.jpg"}}},"all_day":true,"start_date":"2024-03-03 00:00:00","start_date_details":{"year":"2024","month":"03","day":"03","hour":"00","minutes":"00","seconds":"00"},"end_date":"2024-03-03 23:59:59","end_date_details":{"year":"2024","month":"03","day":"03","hour":"23","minutes":"59","seconds":"59"},"utc_start_date":"2024-03-03 00:00:00","utc_start_date_details":{"year":"2024","month":"03","day":"03","hour":"00","minutes":"00","seconds":"00"},"utc_end_date":"2024-03-03 23:59:59","utc_end_date_details":{"year":"2024","month":"03","day":"03","hour":"23","minutes":"59","seconds":"59"},"timezone":"UTC+0","timezone_abbr":"UTC+0","cost":"","cost_details":{"currency_symbol":"","currency_code":"","currency_position":"prefix","values":[]},"website":"","show_map":false,"show_map_link":false,"hide_from_listings":false,"sticky":false,"featured":false,"categories":[{"name":"Ciclismo","slug":"ciclismo","term_group":0,"term_taxonomy_id":105,"taxonomy":"tribe_events_cat","description":"","parent":0,"count":13,"filter":"raw","id":105,"urls":{"self":"https:\/\/timerspeed.com\/index.php?rest_route=\/tribe\/events\/v1\/categories\/105","collection":"https:\/\/timerspeed.com\/index.php?rest_route=\/tribe\/events\/v1\/categories"}},{"name":"Ciclismo Estrada","slug":"ciclismo-estrada","term_group":0,"term_taxonomy_id":67,"taxonomy":"tribe_events_cat","description":"","parent":0,"count":5,"filter":"raw","id":67,"urls":{"self":"https:\/\/timerspeed.com\/index.php?rest_route=\/tribe\/events\/v1\/categories\/67","collection":"https:\/\/timerspeed.com\/index.php?rest_route=\/tribe\/events\/v1\/categories"}}],"tags":[],"venue":{"id":4293,"author":"1","status":"publish","date":"2024-03-01 10:13:06","date_utc":"2024-03-01 10:13:06","modified":"2024-03-01 22:05:27","modified_utc":"2024-03-01 22:05:27","url":"https:\/\/timerspeed.com\/?tribe_venue=povoa-de-varzim","venue":"P\u00f3voa de Varzim","slug":"povoa-de-varzim","city":"P\u00f3voa de Varzim","json_ld":{"@type":"Place","name":"P\u00f3voa de Varzim","description":"","url":"","address":{"@type":"PostalAddress","addressLocality":"P\u00f3voa de Varzim"},"telephone":"","sameAs":""},"show_map":false,"show_map_link":false,"global_id":"timerspeed.com?id=4293","global_id_lineage":["timerspeed.com?id=4293"]},"organizer":[{"id":4294,"author":"1","status":"publish","date":"2024-03-01 10:13:07","date_utc":"0000-00-00 00:00:00","modified":"2024-03-01 10:13:07","modified_utc":"0000-00-00 00:00:00","url":"https:\/\/timerspeed.com\/?tribe_organizer=c-d-c-navais","organizer":"C.D.C. Navais","slug":"c-d-c-navais","json_ld":{"@type":"Person","name":"C.D.C. Navais","description":"","url":"","telephone":"","email":"","sameAs":""},"global_id":"timerspeed.com?id=4294","global_id_lineage":["timerspeed.com?id=4294"]}],"custom_fields":[],"json_ld":{"@context":"http:\/\/schema.org","@type":"Event","name":"27\u00aa Cl\u00e1ssica da Primavera","description":"&lt;p&gt;27\u00aa Cl\u00e1ssica da Primavera A prova 27\u00ba Cl\u00e1ssica da Primavera \u2013 Ta\u00e7a Jogos Santa Casa ELITES\/SUB-23, organizada pelo C.D.C. Navais com a [&hellip;]&lt;\/p&gt;\\n","image":"https:\/\/timerspeed.com\/wp-content\/uploads\/2024\/03\/imagem-destaque.jpg","url":"https:\/\/timerspeed.com\/?tribe_events=27a-classica-da-primavera","eventAttendanceMode":"https:\/\/schema.org\/OfflineEventAttendanceMode","eventStatus":"https:\/\/schema.org\/EventScheduled","startDate":"2024-03-03T00:00:00+00:00","endDate":"2024-03-03T23:59:59+00:00","location":{"@type":"Place","name":"P\u00f3voa de Varzim","description":"","url":"","address":{"@type":"PostalAddress","addressLocality":"P\u00f3voa de Varzim"},"telephone":"","sameAs":""},"organizer":{"@type":"Person","name":"C.D.C. Navais","description":"","url":"","telephone":"","email":"","sameAs":""},"performer":"Organization"}}